{"id":748,"date":"2021-10-10T18:17:30","date_gmt":"2021-10-10T18:17:30","guid":{"rendered":"https:\/\/musicoterapiaesencial.com\/?p=748"},"modified":"2021-10-10T18:22:04","modified_gmt":"2021-10-10T18:22:04","slug":"me-rindo-voy-a-echarme-la-siesta-si-me-dejan-2","status":"publish","type":"post","link":"https:\/\/musicoterapiaesencial.com\/index.php\/2021\/10\/10\/me-rindo-voy-a-echarme-la-siesta-si-me-dejan-2\/","title":{"rendered":"Me rindo, voy a echarme la siesta (si me dejan)"},"content":{"rendered":"\n<p>Menudo mes de septiembre \u00e9ste\u2026&nbsp;<\/p>\n\n\n\n<p>Muchos meses pensando, creando, preparando nuevas propuestas, nuevos proyectos\u2026 y llega el se\u00f1or septiembre y dice que nanai.&nbsp;<\/p>\n\n\n\n<p>Tantas expectativas e ilusiones puestas en este precioso mes, va y me dice\u2026 que este a\u00f1o no est\u00e1 disponible.<\/p>\n\n\n\n<p>O por lo menos, no est\u00e1 disponible para m\u00ed de la manera en que yo lo necesitaba.<\/p>\n\n\n\n<p>Me dice que no,\u2026<\/p>\n\n\n\n<p>\u2026 que nada de nada,<\/p>\n\n\n\n<p>Que todo eso ir\u00e1 llegando pero no ahora, y yo me quedo ah\u00ed parada mir\u00e1ndolo y con ganas de darle un remeneo para ver si as\u00ed consigo algo.<\/p>\n\n\n\n<p>Lo pienso mejor,\u2026<\/p>\n\n\n\n<p>\u2026 respiro,..<\/p>\n\n\n\n<p>\u2026 pataleo\u2026&nbsp;<\/p>\n\n\n\n<p>\u2026 vuelvo a respirar\u2026<\/p>\n\n\n\n<p>\u2026 grito y pataleo de nuevo\u2026&nbsp;<\/p>\n\n\n\n<p>\u2026 respiro otra vez\u2026<\/p>\n\n\n\n<p>\u2026 y otra,\u2026<\/p>\n\n\n\n<p>Ooooommmmmm<\/p>\n\n\n\n<p>\u2026 y me rindo.<\/p>\n\n\n\n<p>Me rindo a su ritmo y a su tiempo\u2026 porque tirar y tirar sin poder avanzar es inutil y desgasta mucho.<\/p>\n\n\n\n<p>Y as\u00ed he estado\u2026 en ese quiero y no puedo, eso s\u00ed, ahora ya desde la aceptaci\u00f3n de hasta aqu\u00ed hemos llegado y as\u00ed est\u00e1 bien.<\/p>\n\n\n\n<p>Ocup\u00e1ndome al ritmo que me marca septiembre y no al que me gustar\u00eda.&nbsp;<\/p>\n\n\n\n<p>Esto me ha costado muchas sesiones de terapia, todo hay que decirlo.<\/p>\n\n\n\n<p>Y no digo ahora, sino en mi vida.&nbsp;<\/p>\n\n\n\n<p>Eso no se consigue de un d\u00eda para otro o de un mes a otro.<\/p>\n\n\n\n<p>Es todo un proceso.&nbsp;<\/p>\n\n\n\n<p>Y as\u00ed inauguro el blog, con esta primera entrada que pod\u00eda haber sido chachi guay, con un t\u00edtulo del tipo\u2026&nbsp; ARRANCAMOS EL CURSO CON COSAS FANTABULOSAS, pero la realidad es que hay cosas fantabulosas que ir\u00e1n saliendo poquito a poco.&nbsp;<\/p>\n\n\n\n<p>Porque&nbsp;<strong>Soinua Musicoterapia<\/strong>&nbsp;no es perfecto, es real.<\/p>\n\n\n\n<p>Yo tampoco soy perfecta, a pesar de que he intentado serlo durante mucho tiempo\u2026, soy real.<\/p>\n\n\n\n<p>Cada d\u00eda m\u00e1s real.<\/p>\n\n\n\n<p>Cada d\u00eda menos perfecta.<\/p>\n\n\n\n<p>Esa soy yo.<\/p>\n\n\n\n<p>Este es mi proyecto.&nbsp;<\/p>\n\n\n\n<p>Y hoy estoy contenta de anunciaros el nacimiento de esta web.&nbsp;<\/p>\n\n\n\n<p>Web que me ha llevado muchas horas de pensamiento, reflexi\u00f3n, lectura y creaci\u00f3n.<\/p>\n\n\n\n<p>Pero como ha llegado septiembre con su ahora y no, he necesitado rendirme a la vida y pedir ayuda.&nbsp;<\/p>\n\n\n\n<p>Y as\u00ed ha llegado Desir\u00e9e Lara para ayudarme con cosas t\u00e9cnicas finales y darle el puntito de estructura y maquillaje que le hac\u00eda falta a esto que tanto trabajo me ha costado realizar. \u00a1Much\u00edsimas gracias Desir\u00e9e!<\/p>\n\n\n\n<p>As\u00ed que, de este modo tan inusual OS DOY LA BIENVENIDA, a este mi proyecto, no perfecto, s\u00ed real.&nbsp;<\/p>\n\n\n\n<p>Un pedacito de m\u00ed creado con el amor y la ilusi\u00f3n que me caracteriza.<\/p>\n\n\n\n<p>Un trocito de escaparate, un ventanita donde te invito a ser testigo de lo que en Soinua Musicoterapia ocurre diariamente.<\/p>\n\n\n\n<p><strong>\u00bfC\u00f3mo?&nbsp;<\/strong><\/p>\n\n\n\n<p><strong>Escribo emails,<\/strong>&nbsp;no diariamente pero casi.&nbsp;<\/p>\n\n\n\n<p>En ellos plasmo mi visi\u00f3n, mi trabajo, mis reflexiones, aprendizajes y vivencias laborales y personales.&nbsp;<\/p>\n\n\n\n<p>En ellos escribo lo que me cuestiono, lo que me hace vibrar, mis dificultades\u2026 &nbsp;<\/p>\n\n\n\n<p>Lo mismo te puede interesar leerlos.&nbsp;<\/p>\n\n\n\n<p>En realidad estoy convencida de que te van a&nbsp;<strong>inspirar y motivar.<\/strong>&nbsp;<\/p>\n\n\n\n<p>Pero tambi\u00e9n te digo que si me equivoco y te resultan indiferentes puedes darte de baja cuando lo desees.<\/p>\n\n\n\n<p>Si quieres probar es gratis, es aqu\u00ed abajo. \u00a1Bienvenida!<\/p>\n\n\n\n<div class=\"wp-block-buttons is-layout-flex wp-block-buttons-is-layout-flex\">\n<div class=\"wp-block-button has-custom-font-size has-normal-font-size\"><a class=\"wp-block-button__link has-white-color has-text-color has-background\" style=\"border-radius:8px;background-color:#a9cec7\"><strong>Inspiraci\u00f3n y motivaci\u00f3n<\/strong><\/a><\/div>\n<\/div>\n\n\n\n<p><\/p>\n","protected":false},"excerpt":{"rendered":"<p>Menudo mes de septiembre \u00e9ste\u2026&nbsp; Muchos meses pensando, creando, preparando nuevas propuestas, nuevos proyectos\u2026 y llega el se\u00f1or septiembre y dice que nanai.&nbsp; Tantas expectativas e ilusiones puestas en este precioso mes, va y me dice\u2026 que este a\u00f1o no est\u00e1 disponible. O por lo menos, no est\u00e1 disponible para m\u00ed de la manera en [&hellip;]<\/p>\n","protected":false},"author":1,"featured_media":437,"comment_status":"closed","ping_status":"open","sticky":false,"template":"","format":"standard","meta":{"_et_pb_use_builder":"off","_et_pb_old_content":"","_et_gb_content_width":"1080","footnotes":""},"categories":[12],"tags":[],"class_list":["post-748","post","type-post","status-publish","format-standard","has-post-thumbnail","hentry","category-musicoterapia"],"_links":{"self":[{"href":"https:\/\/musicoterapiaesencial.com\/index.php\/wp-json\/wp\/v2\/posts\/748","targetHints":{"allow":["GET"]}}],"collection":[{"href":"https:\/\/musicoterapiaesencial.com\/index.php\/wp-json\/wp\/v2\/posts"}],"about":[{"href":"https:\/\/musicoterapiaesencial.com\/index.php\/wp-json\/wp\/v2\/types\/post"}],"author":[{"embeddable":true,"href":"https:\/\/musicoterapiaesencial.com\/index.php\/wp-json\/wp\/v2\/users\/1"}],"replies":[{"embeddable":true,"href":"https:\/\/musicoterapiaesencial.com\/index.php\/wp-json\/wp\/v2\/comments?post=748"}],"version-history":[{"count":2,"href":"https:\/\/musicoterapiaesencial.com\/index.php\/wp-json\/wp\/v2\/posts\/748\/revisions"}],"predecessor-version":[{"id":751,"href":"https:\/\/musicoterapiaesencial.com\/index.php\/wp-json\/wp\/v2\/posts\/748\/revisions\/751"}],"wp:featuredmedia":[{"embeddable":true,"href":"https:\/\/musicoterapiaesencial.com\/index.php\/wp-json\/wp\/v2\/media\/437"}],"wp:attachment":[{"href":"https:\/\/musicoterapiaesencial.com\/index.php\/wp-json\/wp\/v2\/media?parent=748"}],"wp:term":[{"taxonomy":"category","embeddable":true,"href":"https:\/\/musicoterapiaesencial.com\/index.php\/wp-json\/wp\/v2\/categories?post=748"},{"taxonomy":"post_tag","embeddable":true,"href":"https:\/\/musicoterapiaesencial.com\/index.php\/wp-json\/wp\/v2\/tags?post=748"}],"curies":[{"name":"wp","href":"https:\/\/api.w.org\/{rel}","templated":true}]}}