{"id":1113,"date":"2026-03-22T15:04:01","date_gmt":"2026-03-22T15:04:01","guid":{"rendered":"https:\/\/musicoterapiaesencial.com\/?p=1113"},"modified":"2026-03-22T15:21:34","modified_gmt":"2026-03-22T15:21:34","slug":"musicoterapia-neurologica-aromaterapia-neurorehabilitacion","status":"publish","type":"post","link":"https:\/\/musicoterapiaesencial.com\/index.php\/2026\/03\/22\/musicoterapia-neurologica-aromaterapia-neurorehabilitacion\/","title":{"rendered":"Musicoterapia Neurol\u00f3gica y aromaterapia en neurorehabilitaci\u00f3n"},"content":{"rendered":"\n<p><\/p>\n\n\n\n<h2 class=\"wp-block-heading\">La neurorehabilitaci\u00f3n cognitiva est\u00e1 cambiando&#8230;<\/h2>\n\n\n\n<p>La neurorehabilitaci\u00f3n cognitiva tiene como objetivo trabajar funciones como la memoria, la atenci\u00f3n, el lenguaje o las funciones ejecutivas en personas que han sufrido da\u00f1o cerebral adquirido.<\/p>\n\n\n\n<p>Tradicionalmente, este trabajo se ha abordado a trav\u00e9s de ejercicios cognitivos directos: tareas de repetici\u00f3n, fichas o actividades estructuradas.<\/p>\n\n\n\n<p>Sin embargo, cada vez cobra m\u00e1s fuerza una mirada integradora que entiende el cerebro como un sistema complejo, interconectado y profundamente influido por la experiencia.<\/p>\n\n\n\n<p>En este contexto, la <strong>Musicoterapia Neurol\u00f3gica (NMT)<\/strong> ofrece un marco basado en la evidencia para trabajar estas funciones a trav\u00e9s de la m\u00fasica, el ritmo y la estructura temporal.<\/p>\n\n\n\n<p><\/p>\n\n\n\n<h2 class=\"wp-block-heading\">El papel de la Musicoterapia Neurol\u00f3gica (NMT)<\/h2>\n\n\n\n<p>La NMT utiliza la m\u00fasica como herramienta terap\u00e9utica para intervenir sobre funciones no musicales, como el movimiento, el lenguaje o la cognici\u00f3n.<\/p>\n\n\n\n<p>Para ello, se utilizan t\u00e9cnicas espec\u00edficas organizadas en tres grandes \u00e1reas de intervenci\u00f3n: cognitiva, lenguaje y funci\u00f3n motora.<\/p>\n\n\n\n<p>En el \u00e1mbito cognitivo, se incluyen t\u00e9cnicas como <strong>MSOT, APT, MACT, MNT, MEFT, MMT, MEMT, AMMT y MPC<\/strong>, orientadas al trabajo de la atenci\u00f3n, la memoria, las funciones ejecutivas y otros procesos cognitivos.<\/p>\n\n\n\n<p>En el \u00e1rea del lenguaje, encontramos t\u00e9cnicas como <strong>MIT, MUSTIN, RSC, OMREX, VIT, TS, DSLM y SYCOM<\/strong>, centradas en la producci\u00f3n, comprensi\u00f3n y organizaci\u00f3n del lenguaje.<\/p>\n\n\n\n<p>Por \u00faltimo, en la funci\u00f3n motora, t\u00e9cnicas como <strong>RAS, PSE y TIMP<\/strong> permiten trabajar el movimiento, la coordinaci\u00f3n y la organizaci\u00f3n temporal del gesto.<\/p>\n\n\n\n<p>Estas t\u00e9cnicas se aplican de forma individualizada en funci\u00f3n del perfil neurol\u00f3gico de cada persona, donde la m\u00fasica act\u00faa como un organizador del sistema nervioso, facilitando el acceso y la activaci\u00f3n de estas funciones.<\/p>\n\n\n\n<p><\/p>\n\n\n\n<h2 class=\"wp-block-heading\">\u00bfPor qu\u00e9 integrar est\u00edmulos olfativos?<\/h2>\n\n\n\n<p>El sentido del olfato tiene una v\u00eda de acceso directa a estructuras cerebrales implicadas en la memoria, la emoci\u00f3n y la regulaci\u00f3n, como el sistema l\u00edmbico.<\/p>\n\n\n\n<p>Diversos estudios han se\u00f1alado la relaci\u00f3n entre la estimulaci\u00f3n olfativa, la memoria, la atenci\u00f3n y el estado emocional, as\u00ed como su potencial papel en procesos de aprendizaje y reorganizaci\u00f3n cerebral.<\/p>\n\n\n\n<p>Desde esta perspectiva, los est\u00edmulos olfativos pueden influir en:<\/p>\n\n\n\n<ul class=\"wp-block-list\">\n<li>el nivel de activaci\u00f3n<\/li>\n\n\n\n<li>la atenci\u00f3n<\/li>\n\n\n\n<li>la disposici\u00f3n hacia la tarea<\/li>\n\n\n\n<li>el estado emocional<\/li>\n<\/ul>\n\n\n\n<p><\/p>\n\n\n\n<h2 class=\"wp-block-heading\">Una aplicaci\u00f3n con sentido cl\u00ednico<\/h2>\n\n\n\n<p>En el trabajo terap\u00e9utico, los est\u00edmulos olfativos se integran como <strong>marcadores contextuales asociados a tareas espec\u00edficas<\/strong>.<\/p>\n\n\n\n<p>Por ejemplo:<\/p>\n\n\n\n<ul class=\"wp-block-list\">\n<li>Un aroma antes de ejercicios de memoria (MACT)<\/li>\n\n\n\n<li>Otro en momentos de regulaci\u00f3n o cierre de sesi\u00f3n<\/li>\n\n\n\n<li>Otro en tareas relacionadas con el lenguaje o la respiraci\u00f3n<\/li>\n<\/ul>\n\n\n\n<p>No se trata de \u201cusar aceites\u201d sin m\u00e1s.<\/p>\n\n\n\n<p>Se trata de utilizar est\u00edmulos sensoriales que <strong>preparen a la persona para la tarea y faciliten el trabajo cognitivo<\/strong>.<\/p>\n\n\n\n<p>La intervenci\u00f3n es siempre m\u00ednima, dosificada y adaptada a cada persona.<\/p>\n\n\n\n<p><\/p>\n\n\n\n<h2 class=\"wp-block-heading\">Precauciones y criterios de uso<\/h2>\n\n\n\n<p>El uso de aceites esenciales en este contexto debe realizarse desde criterios de seguridad y profesionalidad:<\/p>\n\n\n\n<ul class=\"wp-block-list\">\n<li>Uso en dosis m\u00ednimas (inhalaci\u00f3n indirecta)<\/li>\n\n\n\n<li>Evitar sobreestimulaci\u00f3n sensorial<\/li>\n\n\n\n<li>Adaptaci\u00f3n individual (hipersensibilidad, patolog\u00edas, etc.)<\/li>\n\n\n\n<li>No sustituir la intervenci\u00f3n terap\u00e9utica principal<\/li>\n<\/ul>\n\n\n\n<p>El aroma no es la terapia.<br>Es un recurso maravilloso dentro del proceso.<\/p>\n\n\n\n<p><\/p>\n\n\n\n<h2 class=\"wp-block-heading\">Evidencia<\/h2>\n\n\n\n<p>Aunque la investigaci\u00f3n espec\u00edfica sobre el uso de aceites esenciales en neurorehabilitaci\u00f3n a\u00fan es limitada, estudios recientes han mostrado la relaci\u00f3n entre la estimulaci\u00f3n olfativa, la cognici\u00f3n y el estado emocional.<\/p>\n\n\n\n<p>Asimismo, la evidencia en integraci\u00f3n multisensorial sugiere que el aprendizaje y la reorganizaci\u00f3n cerebral se ven favorecidos cuando la intervenci\u00f3n incluye m\u00faltiples canales sensoriales.<\/p>\n\n\n\n<p>En este contexto, el uso de est\u00edmulos olfativos se plantea como un recurso complementario dentro de la intervenci\u00f3n estructurada con Musicoterapia Neurol\u00f3gica (NMT).<\/p>\n\n\n\n<p><\/p>\n\n\n\n<h2 class=\"wp-block-heading\">Conclusi\u00f3n<\/h2>\n\n\n\n<p>La integraci\u00f3n de m\u00fasica, cuerpo, emoci\u00f3n y experiencia sensorial permite ampliar la forma en la que entendemos la neurorehabilitaci\u00f3n.<\/p>\n\n\n\n<p>No se trata de a\u00f1adir m\u00e1s est\u00edmulos, sino de utilizar aquellos que pueden facilitar el trabajo terap\u00e9utico de forma coherente y significativa.<\/p>\n\n\n\n<p>Porque el cerebro no solo aprende repitiendo.<\/p>\n\n\n\n<p>Aprende sintiendo, experimentando\u2026 y conectando.<\/p>\n\n\n\n<p><strong>Integrar estos elementos no implica a\u00f1adir complejidad, sino potenciar la intervenci\u00f3n.<\/strong><\/p>\n\n\n\n<p><\/p>\n\n\n\n<h2 class=\"wp-block-heading\"><strong>Referencias<\/strong><\/h2>\n\n\n\n<ul class=\"wp-block-list\">\n<li>Frasnelli, J., Lundstr\u00f6m, J. N., &amp; Boyle, J. A. (2019). The neuroanatomy of olfactory perception: Its relation to cognitive function. <em>Neuroscience &amp; Biobehavioral Reviews, 98<\/em>, 1\u201313.<\/li>\n\n\n\n<li>Leon, M., &amp; Woo, C. C. (2022). Olfactory enrichment improves cognitive function and memory in older adults. <em>Frontiers in Neuroscience, 16<\/em>, 850094.<\/li>\n\n\n\n<li>Seo, H. S., &amp; Hummel, T. (2020). Effects of olfactory stimulation on cognitive performance and emotional processing. <em>Frontiers in Psychology, 11<\/em>, 560.<\/li>\n\n\n\n<li>Shams, L., &amp; Seitz, A. R. (2008). Benefits of multisensory learning. <em>Trends in Cognitive Sciences, 12<\/em>(11), 411\u2013417.<\/li>\n\n\n\n<li>Thaut, M. H., McIntosh, G. C., &amp; Hoemberg, V. (2014). Neurobiological foundations of neurologic music therapy: rhythmic entrainment and the motor system. <em>Frontiers in Psychology, 5<\/em>, 1185.<\/li>\n\n\n\n<li>Schlaug, G., Marchina, S., &amp; Norton, A. (2009). Evidence for plasticity in white-matter tracts of patients with chronic Broca\u2019s aphasia undergoing melodic intonation therapy. <em>Annals of the New York Academy of Sciences, 1169<\/em>(1), 385\u2013394.<\/li>\n<\/ul>\n","protected":false},"excerpt":{"rendered":"<p>C\u00f3mo integrar la musicoterapia neurol\u00f3gica y los est\u00edmulos olfativos en la neurorehabilitaci\u00f3n cognitiva desde un enfoque cl\u00ednico e integrador.<\/p>\n","protected":false},"author":1,"featured_media":1120,"comment_status":"closed","ping_status":"open","sticky":false,"template":"","format":"standard","meta":{"_et_pb_use_builder":"off","_et_pb_old_content":"","_et_gb_content_width":"1080","footnotes":""},"categories":[16,12],"tags":[19,22,18,21],"class_list":["post-1113","post","type-post","status-publish","format-standard","has-post-thumbnail","hentry","category-aromaterapia","category-musicoterapia","tag-dano-cerebral-adquirido","tag-musicoterapia-en-afasia","tag-musicoterapia-neurologica","tag-neurorehabilitacion-cognitiva"],"_links":{"self":[{"href":"https:\/\/musicoterapiaesencial.com\/index.php\/wp-json\/wp\/v2\/posts\/1113","targetHints":{"allow":["GET"]}}],"collection":[{"href":"https:\/\/musicoterapiaesencial.com\/index.php\/wp-json\/wp\/v2\/posts"}],"about":[{"href":"https:\/\/musicoterapiaesencial.com\/index.php\/wp-json\/wp\/v2\/types\/post"}],"author":[{"embeddable":true,"href":"https:\/\/musicoterapiaesencial.com\/index.php\/wp-json\/wp\/v2\/users\/1"}],"replies":[{"embeddable":true,"href":"https:\/\/musicoterapiaesencial.com\/index.php\/wp-json\/wp\/v2\/comments?post=1113"}],"version-history":[{"count":3,"href":"https:\/\/musicoterapiaesencial.com\/index.php\/wp-json\/wp\/v2\/posts\/1113\/revisions"}],"predecessor-version":[{"id":1127,"href":"https:\/\/musicoterapiaesencial.com\/index.php\/wp-json\/wp\/v2\/posts\/1113\/revisions\/1127"}],"wp:featuredmedia":[{"embeddable":true,"href":"https:\/\/musicoterapiaesencial.com\/index.php\/wp-json\/wp\/v2\/media\/1120"}],"wp:attachment":[{"href":"https:\/\/musicoterapiaesencial.com\/index.php\/wp-json\/wp\/v2\/media?parent=1113"}],"wp:term":[{"taxonomy":"category","embeddable":true,"href":"https:\/\/musicoterapiaesencial.com\/index.php\/wp-json\/wp\/v2\/categories?post=1113"},{"taxonomy":"post_tag","embeddable":true,"href":"https:\/\/musicoterapiaesencial.com\/index.php\/wp-json\/wp\/v2\/tags?post=1113"}],"curies":[{"name":"wp","href":"https:\/\/api.w.org\/{rel}","templated":true}]}}